{"id":413,"date":"2016-04-21T10:39:09","date_gmt":"2016-04-21T08:39:09","guid":{"rendered":"http:\/\/www.cefra.ch\/?p=413"},"modified":"2021-04-15T13:50:53","modified_gmt":"2021-04-15T11:50:53","slug":"gerer-un-groupe-de-formation-et-denseignement","status":"publish","type":"post","link":"https:\/\/www.cefra.ch\/index.php\/gerer-un-groupe-de-formation-et-denseignement\/","title":{"rendered":"G\u00e9rer un groupe de formation et d&rsquo;enseignement"},"content":{"rendered":"<h2>Comment comprendre les ph\u00e9nom\u00e8nes&nbsp;de groupe dans un groupe de formation ?&nbsp;Avec quels outils les analyser ? Comment&nbsp;faire pour (r\u00e9)agir ad\u00e9quatement dans&nbsp;une posture de formateur &#8211; d\u2019enseignant ?<\/h2>\n<p>C\u2019est \u00e0 ces questions que ce livre r\u00e9pond&nbsp;en pr\u00e9sentant diverses approches th\u00e9oriques&nbsp;et pratiques \u00ab judicieusement&nbsp;choisies pour leur efficacit\u00e9 \u00bb illustr\u00e9es&nbsp;par de nombreux exemples.<\/p>\n<p>Cet ouvrage s\u2019appuie principalement sur&nbsp;trois auteurs qui ont d\u00e9velopp\u00e9 une approche&nbsp;originale de cette probl\u00e9matique :&nbsp;Ph. Meirieu, W. R. Bion et E. Pichon&nbsp;Rivi\u00e8re.<br \/>\nCette publication s\u2019adresse aux formateurs,&nbsp;aux enseignants, aux travailleurs&nbsp;du social, de la sant\u00e9, aux animateurs, \u00e0<br \/>\ntoute personne confront\u00e9e \u00e0 la gestion&nbsp;d\u2019un groupe.<br \/>\nDans ce livre, l\u2019auteur interpelle le lecteur&nbsp;et le conduit au travers d\u2019un sch\u00e9ma&nbsp;en spirale dialectique, <strong>\u00e0 s\u2019approprier&nbsp;peu \u00e0 peu les concepts et les techniques&nbsp;pour analyser et renforcer sa pratique&nbsp;d\u2019animation.<\/strong><\/p>\n<p><a href=\"http:\/\/www.cefra.ch\/wp-content\/uploads\/2016\/04\/Bon_gerer-un-groupe-de-formation-1.pdf\" target=\"_blank\" class=\" button alternative-1 large\" rel=\"slides[buttonlightbox]\">T\u00e9l\u00e9charger le bon de commande<\/a><\/p>\n","protected":false},"excerpt":{"rendered":"<p>Comment comprendre les ph\u00e9nom\u00e8nes&nbsp;de groupe dans un groupe de formation ?&nbsp;Avec quels outils les analyser ? Comment&nbsp;faire pour (r\u00e9)agir ad\u00e9quatement dans&nbsp;une posture de formateur &#8211; d\u2019enseignant ? C\u2019est \u00e0 ces questions que ce livre r\u00e9pond&nbsp;en pr\u00e9sentant diverses approches th\u00e9oriques&nbsp;et pratiques \u00ab judicieusement&nbsp;choisies pour leur efficacit\u00e9 \u00bb illustr\u00e9es&nbsp;par de nombreux exemples.\u2026 <a href=\"https:\/\/www.cefra.ch\/index.php\/gerer-un-groupe-de-formation-et-denseignement\/\" class=\"read-more-link\">Lire la suite &rarr;<\/a><\/p>\n","protected":false},"author":1,"featured_media":28017,"comment_status":"closed","ping_status":"open","sticky":false,"template":"","format":"standard","meta":{"om_disable_all_campaigns":false,"_monsterinsights_skip_tracking":false,"_monsterinsights_sitenote_active":false,"_monsterinsights_sitenote_note":"","_monsterinsights_sitenote_category":0,"_uf_show_specific_survey":0,"_uf_disable_surveys":false,"footnotes":""},"categories":[4],"tags":[30,29],"class_list":["post-413","post","type-post","status-publish","format-standard","has-post-thumbnail","hentry","category-livres","tag-formateur","tag-groupe-de-formation"],"aioseo_notices":[],"_links":{"self":[{"href":"https:\/\/www.cefra.ch\/index.php\/wp-json\/wp\/v2\/posts\/413","targetHints":{"allow":["GET"]}}],"collection":[{"href":"https:\/\/www.cefra.ch\/index.php\/wp-json\/wp\/v2\/posts"}],"about":[{"href":"https:\/\/www.cefra.ch\/index.php\/wp-json\/wp\/v2\/types\/post"}],"author":[{"embeddable":true,"href":"https:\/\/www.cefra.ch\/index.php\/wp-json\/wp\/v2\/users\/1"}],"replies":[{"embeddable":true,"href":"https:\/\/www.cefra.ch\/index.php\/wp-json\/wp\/v2\/comments?post=413"}],"version-history":[{"count":6,"href":"https:\/\/www.cefra.ch\/index.php\/wp-json\/wp\/v2\/posts\/413\/revisions"}],"predecessor-version":[{"id":28018,"href":"https:\/\/www.cefra.ch\/index.php\/wp-json\/wp\/v2\/posts\/413\/revisions\/28018"}],"wp:featuredmedia":[{"embeddable":true,"href":"https:\/\/www.cefra.ch\/index.php\/wp-json\/wp\/v2\/media\/28017"}],"wp:attachment":[{"href":"https:\/\/www.cefra.ch\/index.php\/wp-json\/wp\/v2\/media?parent=413"}],"wp:term":[{"taxonomy":"category","embeddable":true,"href":"https:\/\/www.cefra.ch\/index.php\/wp-json\/wp\/v2\/categories?post=413"},{"taxonomy":"post_tag","embeddable":true,"href":"https:\/\/www.cefra.ch\/index.php\/wp-json\/wp\/v2\/tags?post=413"}],"curies":[{"name":"wp","href":"https:\/\/api.w.org\/{rel}","templated":true}]}}